{"id":5634,"date":"2017-05-05T15:10:42","date_gmt":"2017-05-05T15:10:42","guid":{"rendered":"https:\/\/help.edebex.com\/quelles-sont-les-mentions-obligatoires-sur-une-facture\/"},"modified":"2017-05-05T15:10:42","modified_gmt":"2017-05-05T15:10:42","slug":"quelles-sont-les-mentions-obligatoires-sur-une-facture","status":"publish","type":"post","link":"https:\/\/help.edebex.com\/fr-lu\/genral-fr-lu\/quelles-sont-les-mentions-obligatoires-sur-une-facture\/","title":{"rendered":"Quelles sont les mentions obligatoires sur une facture ?"},"content":{"rendered":"<p>Pour \u00eatre valide, une facture doit comporter un certain nombre de mentions obligatoires :<\/p>\n<ul>\n<li>La date de d\u00e9livrance et le num\u00e9ro de la facture ;<\/li>\n<li>Votre d\u00e9nomination sociale et adresse compl\u00e8te ;<\/li>\n<li>La d\u00e9nomination sociale et adresse compl\u00e8te de votre client ;<\/li>\n<li>Votre num\u00e9ro de TVA et celui du client ;<\/li>\n<li>La quantit\u00e9 et nature des biens livr\u00e9s ou \u00e9tendue et nature des services rendus ;<\/li>\n<li>La date de la livraison des biens ou de la prestation ;<\/li>\n<li>Le prix unitaire hors TVA ;<\/li>\n<li>Le taux de TVA appliqu\u00e9 sur chaque base d\u2019imposition et le montant de la TVA due.<\/li>\n<\/ul>\n<p>En plus de ces crit\u00e8res, Edebex vous invite \u00e0 indiquer les informations suivantes :<\/p>\n<ul>\n<li>Le d\u00e9lai de r\u00e8glement et la date d\u2019\u00e9ch\u00e9ance ;<\/li>\n<li>Le compte bancaire d\u2019Edebex ;<\/li>\n<li>Le cas \u00e9ch\u00e9ant, la r\u00e9f\u00e9rence \u00e0 un bon de commande, une time-sheet ou un chantier de construction.<\/li>\n<\/ul>\n","protected":false},"excerpt":{"rendered":"<p>Pour \u00eatre valide, une facture doit comporter un certain nombre de mentions obligatoires : La date de d\u00e9livrance et le num\u00e9ro de la facture ; Votre d\u00e9nomination sociale et adresse compl\u00e8te ; La d\u00e9nomination sociale et adresse compl\u00e8te de votre client ; Votre num\u00e9ro de TVA et celui du client ; La quantit\u00e9 et nature [&hellip;]<\/p>\n","protected":false},"author":1,"featured_media":0,"comment_status":"closed","ping_status":"closed","sticky":false,"template":"","format":"standard","meta":{"_acf_changed":false,"footnotes":""},"categories":[274],"tags":[],"class_list":["post-5634","post","type-post","status-publish","format-standard","hentry","category-genral-fr-lu"],"acf":[],"yoast_head":"<!-- This site is optimized with the Yoast SEO plugin v27.4 - https:\/\/yoast.com\/product\/yoast-seo-wordpress\/ -->\n<title>Quelles sont les mentions obligatoires sur une facture ? - Help<\/title>\n<meta name=\"robots\" content=\"index, follow, max-snippet:-1, max-image-preview:large, max-video-preview:-1\" \/>\n<link rel=\"canonical\" href=\"https:\/\/help.edebex.com\/fr-lu\/genral-fr-lu\/quelles-sont-les-mentions-obligatoires-sur-une-facture\/\" \/>\n<meta property=\"og:locale\" content=\"fr_FR\" \/>\n<meta property=\"og:type\" content=\"article\" \/>\n<meta property=\"og:title\" content=\"Quelles sont les mentions obligatoires sur une facture ? - Help\" \/>\n<meta property=\"og:description\" content=\"Pour \u00eatre valide, une facture doit comporter un certain nombre de mentions obligatoires : La date de d\u00e9livrance et le num\u00e9ro de la facture ; Votre d\u00e9nomination sociale et adresse compl\u00e8te ; La d\u00e9nomination sociale et adresse compl\u00e8te de votre client ; Votre num\u00e9ro de TVA et celui du client ; La quantit\u00e9 et nature [&hellip;]\" \/>\n<meta property=\"og:url\" content=\"https:\/\/help.edebex.com\/fr-lu\/genral-fr-lu\/quelles-sont-les-mentions-obligatoires-sur-une-facture\/\" \/>\n<meta property=\"og:site_name\" content=\"Help\" \/>\n<meta property=\"article:published_time\" content=\"2017-05-05T15:10:42+00:00\" \/>\n<meta name=\"author\" content=\"bendev\" \/>\n<meta name=\"twitter:card\" content=\"summary_large_image\" \/>\n<meta name=\"twitter:label1\" content=\"Written by\" \/>\n\t<meta name=\"twitter:data1\" content=\"bendev\" \/>\n\t<meta name=\"twitter:label2\" content=\"Est. reading time\" \/>\n\t<meta name=\"twitter:data2\" content=\"1 minute\" \/>\n<script type=\"application\/ld+json\" class=\"yoast-schema-graph\">{\"@context\":\"https:\\\/\\\/schema.org\",\"@graph\":[{\"@type\":\"Article\",\"@id\":\"https:\\\/\\\/help.edebex.com\\\/fr-lu\\\/genral-fr-lu\\\/quelles-sont-les-mentions-obligatoires-sur-une-facture\\\/#article\",\"isPartOf\":{\"@id\":\"https:\\\/\\\/help.edebex.com\\\/fr-lu\\\/genral-fr-lu\\\/quelles-sont-les-mentions-obligatoires-sur-une-facture\\\/\"},\"author\":{\"name\":\"bendev\",\"@id\":\"https:\\\/\\\/help.edebex.com\\\/fr-lu\\\/#\\\/schema\\\/person\\\/5390327b014fc1e0f826a96da8e9d001\"},\"headline\":\"Quelles sont les mentions obligatoires sur une facture ?\",\"datePublished\":\"2017-05-05T15:10:42+00:00\",\"mainEntityOfPage\":{\"@id\":\"https:\\\/\\\/help.edebex.com\\\/fr-lu\\\/genral-fr-lu\\\/quelles-sont-les-mentions-obligatoires-sur-une-facture\\\/\"},\"wordCount\":158,\"publisher\":{\"@id\":\"https:\\\/\\\/help.edebex.com\\\/fr-lu\\\/#organization\"},\"articleSection\":[\"G\u00e9n\u00e9ral\"],\"inLanguage\":\"fr-LU\"},{\"@type\":\"WebPage\",\"@id\":\"https:\\\/\\\/help.edebex.com\\\/fr-lu\\\/genral-fr-lu\\\/quelles-sont-les-mentions-obligatoires-sur-une-facture\\\/\",\"url\":\"https:\\\/\\\/help.edebex.com\\\/fr-lu\\\/genral-fr-lu\\\/quelles-sont-les-mentions-obligatoires-sur-une-facture\\\/\",\"name\":\"Quelles sont les mentions obligatoires sur une facture ? - Help\",\"isPartOf\":{\"@id\":\"https:\\\/\\\/help.edebex.com\\\/fr-lu\\\/#website\"},\"datePublished\":\"2017-05-05T15:10:42+00:00\",\"breadcrumb\":{\"@id\":\"https:\\\/\\\/help.edebex.com\\\/fr-lu\\\/genral-fr-lu\\\/quelles-sont-les-mentions-obligatoires-sur-une-facture\\\/#breadcrumb\"},\"inLanguage\":\"fr-LU\",\"potentialAction\":[{\"@type\":\"ReadAction\",\"target\":[\"https:\\\/\\\/help.edebex.com\\\/fr-lu\\\/genral-fr-lu\\\/quelles-sont-les-mentions-obligatoires-sur-une-facture\\\/\"]}]},{\"@type\":\"BreadcrumbList\",\"@id\":\"https:\\\/\\\/help.edebex.com\\\/fr-lu\\\/genral-fr-lu\\\/quelles-sont-les-mentions-obligatoires-sur-une-facture\\\/#breadcrumb\",\"itemListElement\":[{\"@type\":\"ListItem\",\"position\":1,\"name\":\"Home\",\"item\":\"https:\\\/\\\/help.edebex.com\\\/fr-lu\\\/\"},{\"@type\":\"ListItem\",\"position\":2,\"name\":\"G\u00e9n\u00e9ral\",\"item\":\"https:\\\/\\\/help.edebex.com\\\/fr-lu\\\/category\\\/genral-fr-lu\\\/\"},{\"@type\":\"ListItem\",\"position\":3,\"name\":\"Quelles sont les mentions obligatoires sur une facture ?\"}]},{\"@type\":\"WebSite\",\"@id\":\"https:\\\/\\\/help.edebex.com\\\/fr-lu\\\/#website\",\"url\":\"https:\\\/\\\/help.edebex.com\\\/fr-lu\\\/\",\"name\":\"Help\",\"description\":\"Edebex\",\"publisher\":{\"@id\":\"https:\\\/\\\/help.edebex.com\\\/fr-lu\\\/#organization\"},\"potentialAction\":[{\"@type\":\"SearchAction\",\"target\":{\"@type\":\"EntryPoint\",\"urlTemplate\":\"https:\\\/\\\/help.edebex.com\\\/fr-lu\\\/?s={search_term_string}\"},\"query-input\":{\"@type\":\"PropertyValueSpecification\",\"valueRequired\":true,\"valueName\":\"search_term_string\"}}],\"inLanguage\":\"fr-LU\"},{\"@type\":\"Organization\",\"@id\":\"https:\\\/\\\/help.edebex.com\\\/fr-lu\\\/#organization\",\"name\":\"Help\",\"url\":\"https:\\\/\\\/help.edebex.com\\\/fr-lu\\\/\",\"logo\":{\"@type\":\"ImageObject\",\"inLanguage\":\"fr-LU\",\"@id\":\"https:\\\/\\\/help.edebex.com\\\/fr-lu\\\/#\\\/schema\\\/logo\\\/image\\\/\",\"url\":\"https:\\\/\\\/help.edebex.com\\\/wp-content\\\/uploads\\\/logo-edebex-main.png\",\"contentUrl\":\"https:\\\/\\\/help.edebex.com\\\/wp-content\\\/uploads\\\/logo-edebex-main.png\",\"width\":320,\"height\":122,\"caption\":\"Help\"},\"image\":{\"@id\":\"https:\\\/\\\/help.edebex.com\\\/fr-lu\\\/#\\\/schema\\\/logo\\\/image\\\/\"}},{\"@type\":\"Person\",\"@id\":\"https:\\\/\\\/help.edebex.com\\\/fr-lu\\\/#\\\/schema\\\/person\\\/5390327b014fc1e0f826a96da8e9d001\",\"name\":\"bendev\",\"image\":{\"@type\":\"ImageObject\",\"inLanguage\":\"fr-LU\",\"@id\":\"https:\\\/\\\/secure.gravatar.com\\\/avatar\\\/32de2c2631d66eb3bfce5d2c604a3fc9f39a519b5bc7121d34d4000b60dbef5e?s=96&d=mm&r=g\",\"url\":\"https:\\\/\\\/secure.gravatar.com\\\/avatar\\\/32de2c2631d66eb3bfce5d2c604a3fc9f39a519b5bc7121d34d4000b60dbef5e?s=96&d=mm&r=g\",\"contentUrl\":\"https:\\\/\\\/secure.gravatar.com\\\/avatar\\\/32de2c2631d66eb3bfce5d2c604a3fc9f39a519b5bc7121d34d4000b60dbef5e?s=96&d=mm&r=g\",\"caption\":\"bendev\"},\"url\":\"https:\\\/\\\/help.edebex.com\\\/fr-lu\\\/author\\\/admin\\\/\"}]}<\/script>\n<!-- \/ Yoast SEO plugin. -->","yoast_head_json":{"title":"Quelles sont les mentions obligatoires sur une facture ? - Help","robots":{"index":"index","follow":"follow","max-snippet":"max-snippet:-1","max-image-preview":"max-image-preview:large","max-video-preview":"max-video-preview:-1"},"canonical":"https:\/\/help.edebex.com\/fr-lu\/genral-fr-lu\/quelles-sont-les-mentions-obligatoires-sur-une-facture\/","og_locale":"fr_FR","og_type":"article","og_title":"Quelles sont les mentions obligatoires sur une facture ? - Help","og_description":"Pour \u00eatre valide, une facture doit comporter un certain nombre de mentions obligatoires : La date de d\u00e9livrance et le num\u00e9ro de la facture ; Votre d\u00e9nomination sociale et adresse compl\u00e8te ; La d\u00e9nomination sociale et adresse compl\u00e8te de votre client ; Votre num\u00e9ro de TVA et celui du client ; La quantit\u00e9 et nature [&hellip;]","og_url":"https:\/\/help.edebex.com\/fr-lu\/genral-fr-lu\/quelles-sont-les-mentions-obligatoires-sur-une-facture\/","og_site_name":"Help","article_published_time":"2017-05-05T15:10:42+00:00","author":"bendev","twitter_card":"summary_large_image","twitter_misc":{"Written by":"bendev","Est. reading time":"1 minute"},"schema":{"@context":"https:\/\/schema.org","@graph":[{"@type":"Article","@id":"https:\/\/help.edebex.com\/fr-lu\/genral-fr-lu\/quelles-sont-les-mentions-obligatoires-sur-une-facture\/#article","isPartOf":{"@id":"https:\/\/help.edebex.com\/fr-lu\/genral-fr-lu\/quelles-sont-les-mentions-obligatoires-sur-une-facture\/"},"author":{"name":"bendev","@id":"https:\/\/help.edebex.com\/fr-lu\/#\/schema\/person\/5390327b014fc1e0f826a96da8e9d001"},"headline":"Quelles sont les mentions obligatoires sur une facture ?","datePublished":"2017-05-05T15:10:42+00:00","mainEntityOfPage":{"@id":"https:\/\/help.edebex.com\/fr-lu\/genral-fr-lu\/quelles-sont-les-mentions-obligatoires-sur-une-facture\/"},"wordCount":158,"publisher":{"@id":"https:\/\/help.edebex.com\/fr-lu\/#organization"},"articleSection":["G\u00e9n\u00e9ral"],"inLanguage":"fr-LU"},{"@type":"WebPage","@id":"https:\/\/help.edebex.com\/fr-lu\/genral-fr-lu\/quelles-sont-les-mentions-obligatoires-sur-une-facture\/","url":"https:\/\/help.edebex.com\/fr-lu\/genral-fr-lu\/quelles-sont-les-mentions-obligatoires-sur-une-facture\/","name":"Quelles sont les mentions obligatoires sur une facture ? - Help","isPartOf":{"@id":"https:\/\/help.edebex.com\/fr-lu\/#website"},"datePublished":"2017-05-05T15:10:42+00:00","breadcrumb":{"@id":"https:\/\/help.edebex.com\/fr-lu\/genral-fr-lu\/quelles-sont-les-mentions-obligatoires-sur-une-facture\/#breadcrumb"},"inLanguage":"fr-LU","potentialAction":[{"@type":"ReadAction","target":["https:\/\/help.edebex.com\/fr-lu\/genral-fr-lu\/quelles-sont-les-mentions-obligatoires-sur-une-facture\/"]}]},{"@type":"BreadcrumbList","@id":"https:\/\/help.edebex.com\/fr-lu\/genral-fr-lu\/quelles-sont-les-mentions-obligatoires-sur-une-facture\/#breadcrumb","itemListElement":[{"@type":"ListItem","position":1,"name":"Home","item":"https:\/\/help.edebex.com\/fr-lu\/"},{"@type":"ListItem","position":2,"name":"G\u00e9n\u00e9ral","item":"https:\/\/help.edebex.com\/fr-lu\/category\/genral-fr-lu\/"},{"@type":"ListItem","position":3,"name":"Quelles sont les mentions obligatoires sur une facture ?"}]},{"@type":"WebSite","@id":"https:\/\/help.edebex.com\/fr-lu\/#website","url":"https:\/\/help.edebex.com\/fr-lu\/","name":"Help","description":"Edebex","publisher":{"@id":"https:\/\/help.edebex.com\/fr-lu\/#organization"},"potentialAction":[{"@type":"SearchAction","target":{"@type":"EntryPoint","urlTemplate":"https:\/\/help.edebex.com\/fr-lu\/?s={search_term_string}"},"query-input":{"@type":"PropertyValueSpecification","valueRequired":true,"valueName":"search_term_string"}}],"inLanguage":"fr-LU"},{"@type":"Organization","@id":"https:\/\/help.edebex.com\/fr-lu\/#organization","name":"Help","url":"https:\/\/help.edebex.com\/fr-lu\/","logo":{"@type":"ImageObject","inLanguage":"fr-LU","@id":"https:\/\/help.edebex.com\/fr-lu\/#\/schema\/logo\/image\/","url":"https:\/\/help.edebex.com\/wp-content\/uploads\/logo-edebex-main.png","contentUrl":"https:\/\/help.edebex.com\/wp-content\/uploads\/logo-edebex-main.png","width":320,"height":122,"caption":"Help"},"image":{"@id":"https:\/\/help.edebex.com\/fr-lu\/#\/schema\/logo\/image\/"}},{"@type":"Person","@id":"https:\/\/help.edebex.com\/fr-lu\/#\/schema\/person\/5390327b014fc1e0f826a96da8e9d001","name":"bendev","image":{"@type":"ImageObject","inLanguage":"fr-LU","@id":"https:\/\/secure.gravatar.com\/avatar\/32de2c2631d66eb3bfce5d2c604a3fc9f39a519b5bc7121d34d4000b60dbef5e?s=96&d=mm&r=g","url":"https:\/\/secure.gravatar.com\/avatar\/32de2c2631d66eb3bfce5d2c604a3fc9f39a519b5bc7121d34d4000b60dbef5e?s=96&d=mm&r=g","contentUrl":"https:\/\/secure.gravatar.com\/avatar\/32de2c2631d66eb3bfce5d2c604a3fc9f39a519b5bc7121d34d4000b60dbef5e?s=96&d=mm&r=g","caption":"bendev"},"url":"https:\/\/help.edebex.com\/fr-lu\/author\/admin\/"}]}},"_links":{"self":[{"href":"https:\/\/help.edebex.com\/fr-lu\/wp-json\/wp\/v2\/posts\/5634","targetHints":{"allow":["GET"]}}],"collection":[{"href":"https:\/\/help.edebex.com\/fr-lu\/wp-json\/wp\/v2\/posts"}],"about":[{"href":"https:\/\/help.edebex.com\/fr-lu\/wp-json\/wp\/v2\/types\/post"}],"author":[{"embeddable":true,"href":"https:\/\/help.edebex.com\/fr-lu\/wp-json\/wp\/v2\/users\/1"}],"replies":[{"embeddable":true,"href":"https:\/\/help.edebex.com\/fr-lu\/wp-json\/wp\/v2\/comments?post=5634"}],"version-history":[{"count":0,"href":"https:\/\/help.edebex.com\/fr-lu\/wp-json\/wp\/v2\/posts\/5634\/revisions"}],"wp:attachment":[{"href":"https:\/\/help.edebex.com\/fr-lu\/wp-json\/wp\/v2\/media?parent=5634"}],"wp:term":[{"taxonomy":"category","embeddable":true,"href":"https:\/\/help.edebex.com\/fr-lu\/wp-json\/wp\/v2\/categories?post=5634"},{"taxonomy":"post_tag","embeddable":true,"href":"https:\/\/help.edebex.com\/fr-lu\/wp-json\/wp\/v2\/tags?post=5634"}],"curies":[{"name":"wp","href":"https:\/\/api.w.org\/{rel}","templated":true}]}}