{"id":9477,"date":"2023-04-06T07:56:16","date_gmt":"2023-04-06T07:56:16","guid":{"rendered":"https:\/\/help.edebex.com\/general\/cuando-tengo-que-pagar-la-tarifa-para-vender-una-factura\/"},"modified":"2023-11-07T16:42:00","modified_gmt":"2023-11-07T16:42:00","slug":"cuando-tengo-que-pagar-la-tarifa-para-vender-una-factura","status":"publish","type":"post","link":"https:\/\/help.edebex.com\/es\/prefinanciamiento\/cuando-tengo-que-pagar-la-tarifa-para-vender-una-factura\/","title":{"rendered":"\u00bfCu\u00e1ndo tengo que pagar la tarifa para vender una factura?"},"content":{"rendered":"<p>Para vender tu primera factura en la plataforma, debes pagar todas las tarifas de publicaci\u00f3n de las facturas en la plataforma y la tarifa del servicio, por adelantado.<\/p>\n<p>Una vez que hayas puesto a la venta una segunda factura del mismo cliente, podr\u00e1s pagar solo los costes fijos por adelantado. Los costes del seguro y servicio se restar\u00e1n del precio de venta cuando hagamos la transferencia del l\u00edquido a tu cuenta.<\/p>\n<p>El importe de la cuota que debe abonarse por una factura concreta se indica al final del formulario de venta. El equipo de Edebex solo tramitar\u00e1 la factura cuando se hayan pagado todas las cuotas necesarias. Antes de esto, la factura permanecer\u00e1 en modo \u00abborrador\u00bb.<\/p>\n","protected":false},"excerpt":{"rendered":"<p>Para vender tu primera factura en la plataforma, debes pagar todas las tarifas de publicaci\u00f3n de las facturas en la plataforma y la tarifa del servicio, por adelantado. Una vez que hayas puesto a la venta una segunda factura del mismo cliente, podr\u00e1s pagar solo los costes fijos por adelantado. Los costes del seguro y [&hellip;]<\/p>\n","protected":false},"author":20,"featured_media":0,"comment_status":"closed","ping_status":"closed","sticky":false,"template":"","format":"standard","meta":{"_acf_changed":false,"footnotes":""},"categories":[471,472],"tags":[],"class_list":["post-9477","post","type-post","status-publish","format-standard","hentry","category-prefinanciamiento","category-costos-prefinanciamiento"],"acf":[],"yoast_head":"<!-- This site is optimized with the Yoast SEO plugin v27.4 - https:\/\/yoast.com\/product\/yoast-seo-wordpress\/ -->\n<title>\u00bfCu\u00e1ndo tengo que pagar la tarifa para vender una factura? - Help<\/title>\n<meta name=\"robots\" content=\"index, follow, max-snippet:-1, max-image-preview:large, max-video-preview:-1\" \/>\n<link rel=\"canonical\" href=\"https:\/\/help.edebex.com\/es\/prefinanciamiento\/cuando-tengo-que-pagar-la-tarifa-para-vender-una-factura\/\" \/>\n<meta property=\"og:locale\" content=\"es_ES\" \/>\n<meta property=\"og:type\" content=\"article\" \/>\n<meta property=\"og:title\" content=\"\u00bfCu\u00e1ndo tengo que pagar la tarifa para vender una factura? - Help\" \/>\n<meta property=\"og:description\" content=\"Para vender tu primera factura en la plataforma, debes pagar todas las tarifas de publicaci\u00f3n de las facturas en la plataforma y la tarifa del servicio, por adelantado. Una vez que hayas puesto a la venta una segunda factura del mismo cliente, podr\u00e1s pagar solo los costes fijos por adelantado. Los costes del seguro y [&hellip;]\" \/>\n<meta property=\"og:url\" content=\"https:\/\/help.edebex.com\/es\/prefinanciamiento\/cuando-tengo-que-pagar-la-tarifa-para-vender-una-factura\/\" \/>\n<meta property=\"og:site_name\" content=\"Help\" \/>\n<meta property=\"article:published_time\" content=\"2023-04-06T07:56:16+00:00\" \/>\n<meta property=\"article:modified_time\" content=\"2023-11-07T16:42:00+00:00\" \/>\n<meta name=\"author\" content=\"corinna\" \/>\n<meta name=\"twitter:card\" content=\"summary_large_image\" \/>\n<meta name=\"twitter:label1\" content=\"Escrito por\" \/>\n\t<meta name=\"twitter:data1\" content=\"corinna\" \/>\n\t<meta name=\"twitter:label2\" content=\"Tiempo de lectura\" \/>\n\t<meta name=\"twitter:data2\" content=\"1 minuto\" \/>\n<script type=\"application\/ld+json\" class=\"yoast-schema-graph\">{\"@context\":\"https:\\\/\\\/schema.org\",\"@graph\":[{\"@type\":\"Article\",\"@id\":\"https:\\\/\\\/help.edebex.com\\\/es\\\/prefinanciamiento\\\/cuando-tengo-que-pagar-la-tarifa-para-vender-una-factura\\\/#article\",\"isPartOf\":{\"@id\":\"https:\\\/\\\/help.edebex.com\\\/es\\\/prefinanciamiento\\\/cuando-tengo-que-pagar-la-tarifa-para-vender-una-factura\\\/\"},\"author\":{\"name\":\"corinna\",\"@id\":\"https:\\\/\\\/help.edebex.com\\\/es\\\/#\\\/schema\\\/person\\\/fac1b2e937ab3fd2e939c9ea9384711e\"},\"headline\":\"\u00bfCu\u00e1ndo tengo que pagar la tarifa para vender una factura?\",\"datePublished\":\"2023-04-06T07:56:16+00:00\",\"dateModified\":\"2023-11-07T16:42:00+00:00\",\"mainEntityOfPage\":{\"@id\":\"https:\\\/\\\/help.edebex.com\\\/es\\\/prefinanciamiento\\\/cuando-tengo-que-pagar-la-tarifa-para-vender-una-factura\\\/\"},\"wordCount\":131,\"publisher\":{\"@id\":\"https:\\\/\\\/help.edebex.com\\\/es\\\/#organization\"},\"articleSection\":[\"Prefinanciamiento\",\"Costos\"],\"inLanguage\":\"es\"},{\"@type\":\"WebPage\",\"@id\":\"https:\\\/\\\/help.edebex.com\\\/es\\\/prefinanciamiento\\\/cuando-tengo-que-pagar-la-tarifa-para-vender-una-factura\\\/\",\"url\":\"https:\\\/\\\/help.edebex.com\\\/es\\\/prefinanciamiento\\\/cuando-tengo-que-pagar-la-tarifa-para-vender-una-factura\\\/\",\"name\":\"\u00bfCu\u00e1ndo tengo que pagar la tarifa para vender una factura? - Help\",\"isPartOf\":{\"@id\":\"https:\\\/\\\/help.edebex.com\\\/es\\\/#website\"},\"datePublished\":\"2023-04-06T07:56:16+00:00\",\"dateModified\":\"2023-11-07T16:42:00+00:00\",\"breadcrumb\":{\"@id\":\"https:\\\/\\\/help.edebex.com\\\/es\\\/prefinanciamiento\\\/cuando-tengo-que-pagar-la-tarifa-para-vender-una-factura\\\/#breadcrumb\"},\"inLanguage\":\"es\",\"potentialAction\":[{\"@type\":\"ReadAction\",\"target\":[\"https:\\\/\\\/help.edebex.com\\\/es\\\/prefinanciamiento\\\/cuando-tengo-que-pagar-la-tarifa-para-vender-una-factura\\\/\"]}]},{\"@type\":\"BreadcrumbList\",\"@id\":\"https:\\\/\\\/help.edebex.com\\\/es\\\/prefinanciamiento\\\/cuando-tengo-que-pagar-la-tarifa-para-vender-una-factura\\\/#breadcrumb\",\"itemListElement\":[{\"@type\":\"ListItem\",\"position\":1,\"name\":\"Home\",\"item\":\"https:\\\/\\\/help.edebex.com\\\/es\\\/\"},{\"@type\":\"ListItem\",\"position\":2,\"name\":\"Prefinanciamiento\",\"item\":\"https:\\\/\\\/help.edebex.com\\\/es\\\/category\\\/prefinanciamiento\\\/\"},{\"@type\":\"ListItem\",\"position\":3,\"name\":\"Costos\",\"item\":\"https:\\\/\\\/help.edebex.com\\\/es\\\/category\\\/prefinanciamiento\\\/costos-prefinanciamiento\\\/\"},{\"@type\":\"ListItem\",\"position\":4,\"name\":\"\u00bfCu\u00e1ndo tengo que pagar la tarifa para vender una factura?\"}]},{\"@type\":\"WebSite\",\"@id\":\"https:\\\/\\\/help.edebex.com\\\/es\\\/#website\",\"url\":\"https:\\\/\\\/help.edebex.com\\\/es\\\/\",\"name\":\"Help\",\"description\":\"Edebex\",\"publisher\":{\"@id\":\"https:\\\/\\\/help.edebex.com\\\/es\\\/#organization\"},\"potentialAction\":[{\"@type\":\"SearchAction\",\"target\":{\"@type\":\"EntryPoint\",\"urlTemplate\":\"https:\\\/\\\/help.edebex.com\\\/es\\\/?s={search_term_string}\"},\"query-input\":{\"@type\":\"PropertyValueSpecification\",\"valueRequired\":true,\"valueName\":\"search_term_string\"}}],\"inLanguage\":\"es\"},{\"@type\":\"Organization\",\"@id\":\"https:\\\/\\\/help.edebex.com\\\/es\\\/#organization\",\"name\":\"Help\",\"url\":\"https:\\\/\\\/help.edebex.com\\\/es\\\/\",\"logo\":{\"@type\":\"ImageObject\",\"inLanguage\":\"es\",\"@id\":\"https:\\\/\\\/help.edebex.com\\\/es\\\/#\\\/schema\\\/logo\\\/image\\\/\",\"url\":\"https:\\\/\\\/help.edebex.com\\\/wp-content\\\/uploads\\\/logo-edebex-main.png\",\"contentUrl\":\"https:\\\/\\\/help.edebex.com\\\/wp-content\\\/uploads\\\/logo-edebex-main.png\",\"width\":320,\"height\":122,\"caption\":\"Help\"},\"image\":{\"@id\":\"https:\\\/\\\/help.edebex.com\\\/es\\\/#\\\/schema\\\/logo\\\/image\\\/\"}},{\"@type\":\"Person\",\"@id\":\"https:\\\/\\\/help.edebex.com\\\/es\\\/#\\\/schema\\\/person\\\/fac1b2e937ab3fd2e939c9ea9384711e\",\"name\":\"corinna\",\"image\":{\"@type\":\"ImageObject\",\"inLanguage\":\"es\",\"@id\":\"https:\\\/\\\/secure.gravatar.com\\\/avatar\\\/addf757da6da7598682a063eaa30203233202429919ad4a481bca7e76a82436f?s=96&d=mm&r=g\",\"url\":\"https:\\\/\\\/secure.gravatar.com\\\/avatar\\\/addf757da6da7598682a063eaa30203233202429919ad4a481bca7e76a82436f?s=96&d=mm&r=g\",\"contentUrl\":\"https:\\\/\\\/secure.gravatar.com\\\/avatar\\\/addf757da6da7598682a063eaa30203233202429919ad4a481bca7e76a82436f?s=96&d=mm&r=g\",\"caption\":\"corinna\"},\"url\":\"https:\\\/\\\/help.edebex.com\\\/es\\\/author\\\/corinna\\\/\"}]}<\/script>\n<!-- \/ Yoast SEO plugin. -->","yoast_head_json":{"title":"\u00bfCu\u00e1ndo tengo que pagar la tarifa para vender una factura? - Help","robots":{"index":"index","follow":"follow","max-snippet":"max-snippet:-1","max-image-preview":"max-image-preview:large","max-video-preview":"max-video-preview:-1"},"canonical":"https:\/\/help.edebex.com\/es\/prefinanciamiento\/cuando-tengo-que-pagar-la-tarifa-para-vender-una-factura\/","og_locale":"es_ES","og_type":"article","og_title":"\u00bfCu\u00e1ndo tengo que pagar la tarifa para vender una factura? - Help","og_description":"Para vender tu primera factura en la plataforma, debes pagar todas las tarifas de publicaci\u00f3n de las facturas en la plataforma y la tarifa del servicio, por adelantado. Una vez que hayas puesto a la venta una segunda factura del mismo cliente, podr\u00e1s pagar solo los costes fijos por adelantado. Los costes del seguro y [&hellip;]","og_url":"https:\/\/help.edebex.com\/es\/prefinanciamiento\/cuando-tengo-que-pagar-la-tarifa-para-vender-una-factura\/","og_site_name":"Help","article_published_time":"2023-04-06T07:56:16+00:00","article_modified_time":"2023-11-07T16:42:00+00:00","author":"corinna","twitter_card":"summary_large_image","twitter_misc":{"Escrito por":"corinna","Tiempo de lectura":"1 minuto"},"schema":{"@context":"https:\/\/schema.org","@graph":[{"@type":"Article","@id":"https:\/\/help.edebex.com\/es\/prefinanciamiento\/cuando-tengo-que-pagar-la-tarifa-para-vender-una-factura\/#article","isPartOf":{"@id":"https:\/\/help.edebex.com\/es\/prefinanciamiento\/cuando-tengo-que-pagar-la-tarifa-para-vender-una-factura\/"},"author":{"name":"corinna","@id":"https:\/\/help.edebex.com\/es\/#\/schema\/person\/fac1b2e937ab3fd2e939c9ea9384711e"},"headline":"\u00bfCu\u00e1ndo tengo que pagar la tarifa para vender una factura?","datePublished":"2023-04-06T07:56:16+00:00","dateModified":"2023-11-07T16:42:00+00:00","mainEntityOfPage":{"@id":"https:\/\/help.edebex.com\/es\/prefinanciamiento\/cuando-tengo-que-pagar-la-tarifa-para-vender-una-factura\/"},"wordCount":131,"publisher":{"@id":"https:\/\/help.edebex.com\/es\/#organization"},"articleSection":["Prefinanciamiento","Costos"],"inLanguage":"es"},{"@type":"WebPage","@id":"https:\/\/help.edebex.com\/es\/prefinanciamiento\/cuando-tengo-que-pagar-la-tarifa-para-vender-una-factura\/","url":"https:\/\/help.edebex.com\/es\/prefinanciamiento\/cuando-tengo-que-pagar-la-tarifa-para-vender-una-factura\/","name":"\u00bfCu\u00e1ndo tengo que pagar la tarifa para vender una factura? - Help","isPartOf":{"@id":"https:\/\/help.edebex.com\/es\/#website"},"datePublished":"2023-04-06T07:56:16+00:00","dateModified":"2023-11-07T16:42:00+00:00","breadcrumb":{"@id":"https:\/\/help.edebex.com\/es\/prefinanciamiento\/cuando-tengo-que-pagar-la-tarifa-para-vender-una-factura\/#breadcrumb"},"inLanguage":"es","potentialAction":[{"@type":"ReadAction","target":["https:\/\/help.edebex.com\/es\/prefinanciamiento\/cuando-tengo-que-pagar-la-tarifa-para-vender-una-factura\/"]}]},{"@type":"BreadcrumbList","@id":"https:\/\/help.edebex.com\/es\/prefinanciamiento\/cuando-tengo-que-pagar-la-tarifa-para-vender-una-factura\/#breadcrumb","itemListElement":[{"@type":"ListItem","position":1,"name":"Home","item":"https:\/\/help.edebex.com\/es\/"},{"@type":"ListItem","position":2,"name":"Prefinanciamiento","item":"https:\/\/help.edebex.com\/es\/category\/prefinanciamiento\/"},{"@type":"ListItem","position":3,"name":"Costos","item":"https:\/\/help.edebex.com\/es\/category\/prefinanciamiento\/costos-prefinanciamiento\/"},{"@type":"ListItem","position":4,"name":"\u00bfCu\u00e1ndo tengo que pagar la tarifa para vender una factura?"}]},{"@type":"WebSite","@id":"https:\/\/help.edebex.com\/es\/#website","url":"https:\/\/help.edebex.com\/es\/","name":"Help","description":"Edebex","publisher":{"@id":"https:\/\/help.edebex.com\/es\/#organization"},"potentialAction":[{"@type":"SearchAction","target":{"@type":"EntryPoint","urlTemplate":"https:\/\/help.edebex.com\/es\/?s={search_term_string}"},"query-input":{"@type":"PropertyValueSpecification","valueRequired":true,"valueName":"search_term_string"}}],"inLanguage":"es"},{"@type":"Organization","@id":"https:\/\/help.edebex.com\/es\/#organization","name":"Help","url":"https:\/\/help.edebex.com\/es\/","logo":{"@type":"ImageObject","inLanguage":"es","@id":"https:\/\/help.edebex.com\/es\/#\/schema\/logo\/image\/","url":"https:\/\/help.edebex.com\/wp-content\/uploads\/logo-edebex-main.png","contentUrl":"https:\/\/help.edebex.com\/wp-content\/uploads\/logo-edebex-main.png","width":320,"height":122,"caption":"Help"},"image":{"@id":"https:\/\/help.edebex.com\/es\/#\/schema\/logo\/image\/"}},{"@type":"Person","@id":"https:\/\/help.edebex.com\/es\/#\/schema\/person\/fac1b2e937ab3fd2e939c9ea9384711e","name":"corinna","image":{"@type":"ImageObject","inLanguage":"es","@id":"https:\/\/secure.gravatar.com\/avatar\/addf757da6da7598682a063eaa30203233202429919ad4a481bca7e76a82436f?s=96&d=mm&r=g","url":"https:\/\/secure.gravatar.com\/avatar\/addf757da6da7598682a063eaa30203233202429919ad4a481bca7e76a82436f?s=96&d=mm&r=g","contentUrl":"https:\/\/secure.gravatar.com\/avatar\/addf757da6da7598682a063eaa30203233202429919ad4a481bca7e76a82436f?s=96&d=mm&r=g","caption":"corinna"},"url":"https:\/\/help.edebex.com\/es\/author\/corinna\/"}]}},"_links":{"self":[{"href":"https:\/\/help.edebex.com\/es\/wp-json\/wp\/v2\/posts\/9477","targetHints":{"allow":["GET"]}}],"collection":[{"href":"https:\/\/help.edebex.com\/es\/wp-json\/wp\/v2\/posts"}],"about":[{"href":"https:\/\/help.edebex.com\/es\/wp-json\/wp\/v2\/types\/post"}],"author":[{"embeddable":true,"href":"https:\/\/help.edebex.com\/es\/wp-json\/wp\/v2\/users\/20"}],"replies":[{"embeddable":true,"href":"https:\/\/help.edebex.com\/es\/wp-json\/wp\/v2\/comments?post=9477"}],"version-history":[{"count":2,"href":"https:\/\/help.edebex.com\/es\/wp-json\/wp\/v2\/posts\/9477\/revisions"}],"predecessor-version":[{"id":9804,"href":"https:\/\/help.edebex.com\/es\/wp-json\/wp\/v2\/posts\/9477\/revisions\/9804"}],"wp:attachment":[{"href":"https:\/\/help.edebex.com\/es\/wp-json\/wp\/v2\/media?parent=9477"}],"wp:term":[{"taxonomy":"category","embeddable":true,"href":"https:\/\/help.edebex.com\/es\/wp-json\/wp\/v2\/categories?post=9477"},{"taxonomy":"post_tag","embeddable":true,"href":"https:\/\/help.edebex.com\/es\/wp-json\/wp\/v2\/tags?post=9477"}],"curies":[{"name":"wp","href":"https:\/\/api.w.org\/{rel}","templated":true}]}}