{"id":3463,"date":"2016-10-28T14:19:16","date_gmt":"2016-10-28T14:19:16","guid":{"rendered":"https:\/\/help.edebex.com\/FR-fr\/jai-additionne-tous-les-frais-de-vente-de-la-facture-leur-somme-est-superieure-a-la-moyenne-de-4-comment-cela-se-fait-il\/"},"modified":"2020-08-28T16:12:09","modified_gmt":"2020-08-28T16:12:09","slug":"mon-cout-pour-la-vente-dune-facture-depasse-les-4-de-moyenne-pourquoi","status":"publish","type":"post","link":"https:\/\/help.edebex.com\/FR-fr\/prefinancer-fr-fr\/mon-cout-pour-la-vente-dune-facture-depasse-les-4-de-moyenne-pourquoi\/","title":{"rendered":"Mon co\u00fbt pour la vente d\u2019une facture d\u00e9passe les 4% de moyenne. Pourquoi ?"},"content":{"rendered":"<p>Le co\u00fbt moyen de la vente d\u2019une facture sur la plate-forme Edebex s\u2019\u00e9l\u00e8ve \u00e0 4%. Les frais fixes et les frais variables sont \u00e0 diff\u00e9rencier :<\/p>\n<ul>\n<li><strong>Frais fixes\u00a0:<\/strong> les frais de mise en ligne sont factur\u00e9s pour toute facture charg\u00e9e sur la plate-forme. Le prix est identique pour toutes les factures.<\/li>\n<li><strong>Frais variables\u00a0:<\/strong> les frais de service et d\u2019assurance diff\u00e8rent pour chaque facture. Leur pourcentage varie selon plusieurs facteurs, tels que la note de solvabilit\u00e9 de votre client et le montant de la facture.<\/li>\n<li><strong>R\u00e9duction pour l\u2019acheteur\u00a0:<\/strong> la r\u00e9duction pour l\u2019acheteur est calcul\u00e9e sur la base d\u2019un pourcentage du montant financ\u00e9. Elle est d\u00e9termin\u00e9e par le d\u00e9lai de paiement et la note de solvabilit\u00e9 de votre client.<\/li>\n<\/ul>\n<p>Comme la majorit\u00e9 des frais est variable, le co\u00fbt total de votre facture peut \u00eatre inf\u00e9rieur ou sup\u00e9rieur \u00e0 la moyenne indiqu\u00e9e de 4%.<\/p>\n<p><a href=\"\/de-quels-frais-dois-je-macquitter-pour-vendre-des-factures-sur-edebex-2\"><u>Qu\u2019incluent ces frais\u00a0?<\/u><\/a><\/p>\n","protected":false},"excerpt":{"rendered":"<p>Le co\u00fbt moyen de la vente d\u2019une facture sur la plate-forme Edebex s\u2019\u00e9l\u00e8ve \u00e0 4%. Les frais fixes et les frais variables sont \u00e0 diff\u00e9rencier : Frais fixes\u00a0: les frais de mise en ligne sont factur\u00e9s pour toute facture charg\u00e9e sur la plate-forme. Le prix est identique pour toutes les factures. Frais variables\u00a0: les frais [&hellip;]<\/p>\n","protected":false},"author":1,"featured_media":0,"comment_status":"closed","ping_status":"closed","sticky":false,"template":"","format":"standard","meta":{"_acf_changed":false,"footnotes":""},"categories":[141,145],"tags":[],"class_list":["post-3463","post","type-post","status-publish","format-standard","hentry","category-couts-prefinancer-fr-fr","category-prefinancer-fr-fr"],"acf":[],"yoast_head":"<!-- This site is optimized with the Yoast SEO plugin v27.4 - https:\/\/yoast.com\/product\/yoast-seo-wordpress\/ -->\n<title>Mon co\u00fbt pour la vente d\u2019une facture d\u00e9passe les 4% de moyenne. Pourquoi ? - Help<\/title>\n<meta name=\"robots\" content=\"index, follow, max-snippet:-1, max-image-preview:large, max-video-preview:-1\" \/>\n<link rel=\"canonical\" href=\"https:\/\/help.edebex.com\/FR-fr\/prefinancer-fr-fr\/mon-cout-pour-la-vente-dune-facture-depasse-les-4-de-moyenne-pourquoi\/\" \/>\n<meta property=\"og:locale\" content=\"fr_FR\" \/>\n<meta property=\"og:type\" content=\"article\" \/>\n<meta property=\"og:title\" content=\"Mon co\u00fbt pour la vente d\u2019une facture d\u00e9passe les 4% de moyenne. Pourquoi ? - Help\" \/>\n<meta property=\"og:description\" content=\"Le co\u00fbt moyen de la vente d\u2019une facture sur la plate-forme Edebex s\u2019\u00e9l\u00e8ve \u00e0 4%. Les frais fixes et les frais variables sont \u00e0 diff\u00e9rencier : Frais fixes\u00a0: les frais de mise en ligne sont factur\u00e9s pour toute facture charg\u00e9e sur la plate-forme. Le prix est identique pour toutes les factures. Frais variables\u00a0: les frais [&hellip;]\" \/>\n<meta property=\"og:url\" content=\"https:\/\/help.edebex.com\/FR-fr\/prefinancer-fr-fr\/mon-cout-pour-la-vente-dune-facture-depasse-les-4-de-moyenne-pourquoi\/\" \/>\n<meta property=\"og:site_name\" content=\"Help\" \/>\n<meta property=\"article:published_time\" content=\"2016-10-28T14:19:16+00:00\" \/>\n<meta property=\"article:modified_time\" content=\"2020-08-28T16:12:09+00:00\" \/>\n<meta name=\"author\" content=\"bendev\" \/>\n<meta name=\"twitter:card\" content=\"summary_large_image\" \/>\n<meta name=\"twitter:label1\" content=\"\u00c9crit par\" \/>\n\t<meta name=\"twitter:data1\" content=\"bendev\" \/>\n\t<meta name=\"twitter:label2\" content=\"Dur\u00e9e de lecture estim\u00e9e\" \/>\n\t<meta name=\"twitter:data2\" content=\"1 minute\" \/>\n<script type=\"application\/ld+json\" class=\"yoast-schema-graph\">{\"@context\":\"https:\\\/\\\/schema.org\",\"@graph\":[{\"@type\":\"Article\",\"@id\":\"https:\\\/\\\/help.edebex.com\\\/FR-fr\\\/prefinancer-fr-fr\\\/mon-cout-pour-la-vente-dune-facture-depasse-les-4-de-moyenne-pourquoi\\\/#article\",\"isPartOf\":{\"@id\":\"https:\\\/\\\/help.edebex.com\\\/FR-fr\\\/prefinancer-fr-fr\\\/mon-cout-pour-la-vente-dune-facture-depasse-les-4-de-moyenne-pourquoi\\\/\"},\"author\":{\"name\":\"bendev\",\"@id\":\"https:\\\/\\\/help.edebex.com\\\/FR-fr\\\/#\\\/schema\\\/person\\\/5390327b014fc1e0f826a96da8e9d001\"},\"headline\":\"Mon co\u00fbt pour la vente d\u2019une facture d\u00e9passe les 4% de moyenne. Pourquoi ?\",\"datePublished\":\"2016-10-28T14:19:16+00:00\",\"dateModified\":\"2020-08-28T16:12:09+00:00\",\"mainEntityOfPage\":{\"@id\":\"https:\\\/\\\/help.edebex.com\\\/FR-fr\\\/prefinancer-fr-fr\\\/mon-cout-pour-la-vente-dune-facture-depasse-les-4-de-moyenne-pourquoi\\\/\"},\"wordCount\":176,\"publisher\":{\"@id\":\"https:\\\/\\\/help.edebex.com\\\/FR-fr\\\/#organization\"},\"articleSection\":[\"Co\u00fbts\",\"Pr\u00e9financer\"],\"inLanguage\":\"fr-FR\"},{\"@type\":\"WebPage\",\"@id\":\"https:\\\/\\\/help.edebex.com\\\/FR-fr\\\/prefinancer-fr-fr\\\/mon-cout-pour-la-vente-dune-facture-depasse-les-4-de-moyenne-pourquoi\\\/\",\"url\":\"https:\\\/\\\/help.edebex.com\\\/FR-fr\\\/prefinancer-fr-fr\\\/mon-cout-pour-la-vente-dune-facture-depasse-les-4-de-moyenne-pourquoi\\\/\",\"name\":\"Mon co\u00fbt pour la vente d\u2019une facture d\u00e9passe les 4% de moyenne. Pourquoi ? - Help\",\"isPartOf\":{\"@id\":\"https:\\\/\\\/help.edebex.com\\\/FR-fr\\\/#website\"},\"datePublished\":\"2016-10-28T14:19:16+00:00\",\"dateModified\":\"2020-08-28T16:12:09+00:00\",\"breadcrumb\":{\"@id\":\"https:\\\/\\\/help.edebex.com\\\/FR-fr\\\/prefinancer-fr-fr\\\/mon-cout-pour-la-vente-dune-facture-depasse-les-4-de-moyenne-pourquoi\\\/#breadcrumb\"},\"inLanguage\":\"fr-FR\",\"potentialAction\":[{\"@type\":\"ReadAction\",\"target\":[\"https:\\\/\\\/help.edebex.com\\\/FR-fr\\\/prefinancer-fr-fr\\\/mon-cout-pour-la-vente-dune-facture-depasse-les-4-de-moyenne-pourquoi\\\/\"]}]},{\"@type\":\"BreadcrumbList\",\"@id\":\"https:\\\/\\\/help.edebex.com\\\/FR-fr\\\/prefinancer-fr-fr\\\/mon-cout-pour-la-vente-dune-facture-depasse-les-4-de-moyenne-pourquoi\\\/#breadcrumb\",\"itemListElement\":[{\"@type\":\"ListItem\",\"position\":1,\"name\":\"Home\",\"item\":\"https:\\\/\\\/help.edebex.com\\\/FR-fr\\\/\"},{\"@type\":\"ListItem\",\"position\":2,\"name\":\"Pr\u00e9financer\",\"item\":\"https:\\\/\\\/help.edebex.com\\\/FR-fr\\\/category\\\/prefinancer-fr-fr\\\/\"},{\"@type\":\"ListItem\",\"position\":3,\"name\":\"Mon co\u00fbt pour la vente d\u2019une facture d\u00e9passe les 4% de moyenne. Pourquoi ?\"}]},{\"@type\":\"WebSite\",\"@id\":\"https:\\\/\\\/help.edebex.com\\\/FR-fr\\\/#website\",\"url\":\"https:\\\/\\\/help.edebex.com\\\/FR-fr\\\/\",\"name\":\"Help\",\"description\":\"Edebex\",\"publisher\":{\"@id\":\"https:\\\/\\\/help.edebex.com\\\/FR-fr\\\/#organization\"},\"potentialAction\":[{\"@type\":\"SearchAction\",\"target\":{\"@type\":\"EntryPoint\",\"urlTemplate\":\"https:\\\/\\\/help.edebex.com\\\/FR-fr\\\/?s={search_term_string}\"},\"query-input\":{\"@type\":\"PropertyValueSpecification\",\"valueRequired\":true,\"valueName\":\"search_term_string\"}}],\"inLanguage\":\"fr-FR\"},{\"@type\":\"Organization\",\"@id\":\"https:\\\/\\\/help.edebex.com\\\/FR-fr\\\/#organization\",\"name\":\"Help\",\"url\":\"https:\\\/\\\/help.edebex.com\\\/FR-fr\\\/\",\"logo\":{\"@type\":\"ImageObject\",\"inLanguage\":\"fr-FR\",\"@id\":\"https:\\\/\\\/help.edebex.com\\\/FR-fr\\\/#\\\/schema\\\/logo\\\/image\\\/\",\"url\":\"https:\\\/\\\/help.edebex.com\\\/wp-content\\\/uploads\\\/logo-edebex-main.png\",\"contentUrl\":\"https:\\\/\\\/help.edebex.com\\\/wp-content\\\/uploads\\\/logo-edebex-main.png\",\"width\":320,\"height\":122,\"caption\":\"Help\"},\"image\":{\"@id\":\"https:\\\/\\\/help.edebex.com\\\/FR-fr\\\/#\\\/schema\\\/logo\\\/image\\\/\"}},{\"@type\":\"Person\",\"@id\":\"https:\\\/\\\/help.edebex.com\\\/FR-fr\\\/#\\\/schema\\\/person\\\/5390327b014fc1e0f826a96da8e9d001\",\"name\":\"bendev\",\"image\":{\"@type\":\"ImageObject\",\"inLanguage\":\"fr-FR\",\"@id\":\"https:\\\/\\\/secure.gravatar.com\\\/avatar\\\/32de2c2631d66eb3bfce5d2c604a3fc9f39a519b5bc7121d34d4000b60dbef5e?s=96&d=mm&r=g\",\"url\":\"https:\\\/\\\/secure.gravatar.com\\\/avatar\\\/32de2c2631d66eb3bfce5d2c604a3fc9f39a519b5bc7121d34d4000b60dbef5e?s=96&d=mm&r=g\",\"contentUrl\":\"https:\\\/\\\/secure.gravatar.com\\\/avatar\\\/32de2c2631d66eb3bfce5d2c604a3fc9f39a519b5bc7121d34d4000b60dbef5e?s=96&d=mm&r=g\",\"caption\":\"bendev\"},\"url\":\"https:\\\/\\\/help.edebex.com\\\/FR-fr\\\/author\\\/admin\\\/\"}]}<\/script>\n<!-- \/ Yoast SEO plugin. -->","yoast_head_json":{"title":"Mon co\u00fbt pour la vente d\u2019une facture d\u00e9passe les 4% de moyenne. Pourquoi ? - Help","robots":{"index":"index","follow":"follow","max-snippet":"max-snippet:-1","max-image-preview":"max-image-preview:large","max-video-preview":"max-video-preview:-1"},"canonical":"https:\/\/help.edebex.com\/FR-fr\/prefinancer-fr-fr\/mon-cout-pour-la-vente-dune-facture-depasse-les-4-de-moyenne-pourquoi\/","og_locale":"fr_FR","og_type":"article","og_title":"Mon co\u00fbt pour la vente d\u2019une facture d\u00e9passe les 4% de moyenne. Pourquoi ? - Help","og_description":"Le co\u00fbt moyen de la vente d\u2019une facture sur la plate-forme Edebex s\u2019\u00e9l\u00e8ve \u00e0 4%. Les frais fixes et les frais variables sont \u00e0 diff\u00e9rencier : Frais fixes\u00a0: les frais de mise en ligne sont factur\u00e9s pour toute facture charg\u00e9e sur la plate-forme. Le prix est identique pour toutes les factures. Frais variables\u00a0: les frais [&hellip;]","og_url":"https:\/\/help.edebex.com\/FR-fr\/prefinancer-fr-fr\/mon-cout-pour-la-vente-dune-facture-depasse-les-4-de-moyenne-pourquoi\/","og_site_name":"Help","article_published_time":"2016-10-28T14:19:16+00:00","article_modified_time":"2020-08-28T16:12:09+00:00","author":"bendev","twitter_card":"summary_large_image","twitter_misc":{"\u00c9crit par":"bendev","Dur\u00e9e de lecture estim\u00e9e":"1 minute"},"schema":{"@context":"https:\/\/schema.org","@graph":[{"@type":"Article","@id":"https:\/\/help.edebex.com\/FR-fr\/prefinancer-fr-fr\/mon-cout-pour-la-vente-dune-facture-depasse-les-4-de-moyenne-pourquoi\/#article","isPartOf":{"@id":"https:\/\/help.edebex.com\/FR-fr\/prefinancer-fr-fr\/mon-cout-pour-la-vente-dune-facture-depasse-les-4-de-moyenne-pourquoi\/"},"author":{"name":"bendev","@id":"https:\/\/help.edebex.com\/FR-fr\/#\/schema\/person\/5390327b014fc1e0f826a96da8e9d001"},"headline":"Mon co\u00fbt pour la vente d\u2019une facture d\u00e9passe les 4% de moyenne. Pourquoi ?","datePublished":"2016-10-28T14:19:16+00:00","dateModified":"2020-08-28T16:12:09+00:00","mainEntityOfPage":{"@id":"https:\/\/help.edebex.com\/FR-fr\/prefinancer-fr-fr\/mon-cout-pour-la-vente-dune-facture-depasse-les-4-de-moyenne-pourquoi\/"},"wordCount":176,"publisher":{"@id":"https:\/\/help.edebex.com\/FR-fr\/#organization"},"articleSection":["Co\u00fbts","Pr\u00e9financer"],"inLanguage":"fr-FR"},{"@type":"WebPage","@id":"https:\/\/help.edebex.com\/FR-fr\/prefinancer-fr-fr\/mon-cout-pour-la-vente-dune-facture-depasse-les-4-de-moyenne-pourquoi\/","url":"https:\/\/help.edebex.com\/FR-fr\/prefinancer-fr-fr\/mon-cout-pour-la-vente-dune-facture-depasse-les-4-de-moyenne-pourquoi\/","name":"Mon co\u00fbt pour la vente d\u2019une facture d\u00e9passe les 4% de moyenne. Pourquoi ? - Help","isPartOf":{"@id":"https:\/\/help.edebex.com\/FR-fr\/#website"},"datePublished":"2016-10-28T14:19:16+00:00","dateModified":"2020-08-28T16:12:09+00:00","breadcrumb":{"@id":"https:\/\/help.edebex.com\/FR-fr\/prefinancer-fr-fr\/mon-cout-pour-la-vente-dune-facture-depasse-les-4-de-moyenne-pourquoi\/#breadcrumb"},"inLanguage":"fr-FR","potentialAction":[{"@type":"ReadAction","target":["https:\/\/help.edebex.com\/FR-fr\/prefinancer-fr-fr\/mon-cout-pour-la-vente-dune-facture-depasse-les-4-de-moyenne-pourquoi\/"]}]},{"@type":"BreadcrumbList","@id":"https:\/\/help.edebex.com\/FR-fr\/prefinancer-fr-fr\/mon-cout-pour-la-vente-dune-facture-depasse-les-4-de-moyenne-pourquoi\/#breadcrumb","itemListElement":[{"@type":"ListItem","position":1,"name":"Home","item":"https:\/\/help.edebex.com\/FR-fr\/"},{"@type":"ListItem","position":2,"name":"Pr\u00e9financer","item":"https:\/\/help.edebex.com\/FR-fr\/category\/prefinancer-fr-fr\/"},{"@type":"ListItem","position":3,"name":"Mon co\u00fbt pour la vente d\u2019une facture d\u00e9passe les 4% de moyenne. Pourquoi ?"}]},{"@type":"WebSite","@id":"https:\/\/help.edebex.com\/FR-fr\/#website","url":"https:\/\/help.edebex.com\/FR-fr\/","name":"Help","description":"Edebex","publisher":{"@id":"https:\/\/help.edebex.com\/FR-fr\/#organization"},"potentialAction":[{"@type":"SearchAction","target":{"@type":"EntryPoint","urlTemplate":"https:\/\/help.edebex.com\/FR-fr\/?s={search_term_string}"},"query-input":{"@type":"PropertyValueSpecification","valueRequired":true,"valueName":"search_term_string"}}],"inLanguage":"fr-FR"},{"@type":"Organization","@id":"https:\/\/help.edebex.com\/FR-fr\/#organization","name":"Help","url":"https:\/\/help.edebex.com\/FR-fr\/","logo":{"@type":"ImageObject","inLanguage":"fr-FR","@id":"https:\/\/help.edebex.com\/FR-fr\/#\/schema\/logo\/image\/","url":"https:\/\/help.edebex.com\/wp-content\/uploads\/logo-edebex-main.png","contentUrl":"https:\/\/help.edebex.com\/wp-content\/uploads\/logo-edebex-main.png","width":320,"height":122,"caption":"Help"},"image":{"@id":"https:\/\/help.edebex.com\/FR-fr\/#\/schema\/logo\/image\/"}},{"@type":"Person","@id":"https:\/\/help.edebex.com\/FR-fr\/#\/schema\/person\/5390327b014fc1e0f826a96da8e9d001","name":"bendev","image":{"@type":"ImageObject","inLanguage":"fr-FR","@id":"https:\/\/secure.gravatar.com\/avatar\/32de2c2631d66eb3bfce5d2c604a3fc9f39a519b5bc7121d34d4000b60dbef5e?s=96&d=mm&r=g","url":"https:\/\/secure.gravatar.com\/avatar\/32de2c2631d66eb3bfce5d2c604a3fc9f39a519b5bc7121d34d4000b60dbef5e?s=96&d=mm&r=g","contentUrl":"https:\/\/secure.gravatar.com\/avatar\/32de2c2631d66eb3bfce5d2c604a3fc9f39a519b5bc7121d34d4000b60dbef5e?s=96&d=mm&r=g","caption":"bendev"},"url":"https:\/\/help.edebex.com\/FR-fr\/author\/admin\/"}]}},"_links":{"self":[{"href":"https:\/\/help.edebex.com\/FR-fr\/wp-json\/wp\/v2\/posts\/3463","targetHints":{"allow":["GET"]}}],"collection":[{"href":"https:\/\/help.edebex.com\/FR-fr\/wp-json\/wp\/v2\/posts"}],"about":[{"href":"https:\/\/help.edebex.com\/FR-fr\/wp-json\/wp\/v2\/types\/post"}],"author":[{"embeddable":true,"href":"https:\/\/help.edebex.com\/FR-fr\/wp-json\/wp\/v2\/users\/1"}],"replies":[{"embeddable":true,"href":"https:\/\/help.edebex.com\/FR-fr\/wp-json\/wp\/v2\/comments?post=3463"}],"version-history":[{"count":6,"href":"https:\/\/help.edebex.com\/FR-fr\/wp-json\/wp\/v2\/posts\/3463\/revisions"}],"predecessor-version":[{"id":8475,"href":"https:\/\/help.edebex.com\/FR-fr\/wp-json\/wp\/v2\/posts\/3463\/revisions\/8475"}],"wp:attachment":[{"href":"https:\/\/help.edebex.com\/FR-fr\/wp-json\/wp\/v2\/media?parent=3463"}],"wp:term":[{"taxonomy":"category","embeddable":true,"href":"https:\/\/help.edebex.com\/FR-fr\/wp-json\/wp\/v2\/categories?post=3463"},{"taxonomy":"post_tag","embeddable":true,"href":"https:\/\/help.edebex.com\/FR-fr\/wp-json\/wp\/v2\/tags?post=3463"}],"curies":[{"name":"wp","href":"https:\/\/api.w.org\/{rel}","templated":true}]}}